{"id":35674,"date":"2024-11-13T08:33:47","date_gmt":"2024-11-13T08:33:47","guid":{"rendered":"https:\/\/spboguchwala.pl\/?p=35674"},"modified":"2024-11-18T22:20:24","modified_gmt":"2024-11-18T22:20:24","slug":"gminne-obchody-narodowego-swieta-niepodleglosci-3","status":"publish","type":"post","link":"https:\/\/spboguchwala.pl\/?p=35674","title":{"rendered":"Gminne obchody Narodowego \u015awi\u0119ta Niepodleg\u0142o\u015bci"},"content":{"rendered":"\n<p>11 listopada 2024r. delegacja uczni\u00f3w Szko\u0142y Podstawowej im. gen. Stanis\u0142awa Maczka w Boguchwale wraz z Panem Dyrektorem Arturem Bilskim i nauczycielami &#8211; p. Karolin\u0105 Olszewsk\u0105, p. Beat\u0105 Turek, p. Ew\u0105 Ziobrowsk\u0105 \u2013 Bichaj\u0142o i p. Izabell\u0105 Rejment, wzi\u0119\u0142a udzia\u0142 w gminnych obchodach Narodowego \u015awi\u0119ta Niepodleg\u0142o\u015bci. Przedstawiciele uczni\u00f3w: Poczet Sztandarowy, Samorz\u0105d Uczniowski i 1. Gromada Zuchowa \u201eJag\u00f3dki\u201d uczestniczyli we mszy \u015bw. w intencji Ojczyzny. Nast\u0119pnie uczestnicy uroczysto\u015bci przeszli pod Pomnik Grunwaldu. Po przem\u00f3wieniu Burmistrza Boguchwa\u0142y Pana Wies\u0142awa K\u0105kola, delegacja uczni\u00f3w i nauczycieli z\u0142o\u017cy\u0142a pod pomnikiem bia\u0142o-czerwon\u0105 wi\u0105zank\u0119 kwiat\u00f3w. Swoim \u015bpiewem uroczysto\u015b\u0107 u\u015bwietni\u0142 zesp\u00f3\u0142 pie\u015bni i ta\u0144ca \u201eKompanija\u201d.<br>Kszta\u0142towanie postaw patriotycznych przez udzia\u0142 uczni\u00f3w w obchodach rocznicy odzyskania niepodleg\u0142o\u015bci s\u0142u\u017cy identyfikacji narodowej i kulturowej, przygotowuje do \u017cycia w spo\u0142ecze\u0144stwie oraz wp\u0142ywa na kszta\u0142towanie wi\u0119zi z krajem.<\/p>\n\n\n\nngg_shortcode_0_placeholder\n","protected":false},"excerpt":{"rendered":"<p>11 listopada 2024r. delegacja uczni\u00f3w Szko\u0142y Podstawowej im. gen. Stanis\u0142awa Maczka w Boguchwale wraz z Panem Dyrektorem Arturem Bilskim i nauczycielami &#8211; p. Karolin\u0105 Olszewsk\u0105, p. Beat\u0105 Turek, p. Ew\u0105 Ziobrowsk\u0105 \u2013 Bichaj\u0142o i p. Izabell\u0105 Rejment, wzi\u0119\u0142a udzia\u0142 w gminnych obchodach Narodowego \u015awi\u0119ta Niepodleg\u0142o\u015bci. Przedstawiciele uczni\u00f3w: Poczet Sztandarowy, Samorz\u0105d Uczniowski i 1. Gromada Zuchowa&#8230;<\/p>\n","protected":false},"author":2,"featured_media":35675,"comment_status":"open","ping_status":"closed","sticky":false,"template":"","format":"standard","meta":{"ngg_post_thumbnail":0,"footnotes":""},"categories":[142],"tags":[],"class_list":["post-35674","post","type-post","status-publish","format-standard","has-post-thumbnail","hentry","category-z-zycia-szkoly"],"_links":{"self":[{"href":"https:\/\/spboguchwala.pl\/index.php?rest_route=\/wp\/v2\/posts\/35674","targetHints":{"allow":["GET"]}}],"collection":[{"href":"https:\/\/spboguchwala.pl\/index.php?rest_route=\/wp\/v2\/posts"}],"about":[{"href":"https:\/\/spboguchwala.pl\/index.php?rest_route=\/wp\/v2\/types\/post"}],"author":[{"embeddable":true,"href":"https:\/\/spboguchwala.pl\/index.php?rest_route=\/wp\/v2\/users\/2"}],"replies":[{"embeddable":true,"href":"https:\/\/spboguchwala.pl\/index.php?rest_route=%2Fwp%2Fv2%2Fcomments&post=35674"}],"version-history":[{"count":2,"href":"https:\/\/spboguchwala.pl\/index.php?rest_route=\/wp\/v2\/posts\/35674\/revisions"}],"predecessor-version":[{"id":35732,"href":"https:\/\/spboguchwala.pl\/index.php?rest_route=\/wp\/v2\/posts\/35674\/revisions\/35732"}],"wp:featuredmedia":[{"embeddable":true,"href":"https:\/\/spboguchwala.pl\/index.php?rest_route=\/wp\/v2\/media\/35675"}],"wp:attachment":[{"href":"https:\/\/spboguchwala.pl\/index.php?rest_route=%2Fwp%2Fv2%2Fmedia&parent=35674"}],"wp:term":[{"taxonomy":"category","embeddable":true,"href":"https:\/\/spboguchwala.pl\/index.php?rest_route=%2Fwp%2Fv2%2Fcategories&post=35674"},{"taxonomy":"post_tag","embeddable":true,"href":"https:\/\/spboguchwala.pl\/index.php?rest_route=%2Fwp%2Fv2%2Ftags&post=35674"}],"curies":[{"name":"wp","href":"https:\/\/api.w.org\/{rel}","templated":true}]}}