{"id":35736,"date":"2024-11-18T22:44:32","date_gmt":"2024-11-18T22:44:32","guid":{"rendered":"https:\/\/spboguchwala.pl\/?p=35736"},"modified":"2024-11-18T22:49:44","modified_gmt":"2024-11-18T22:49:44","slug":"pierwsza-mobilnosc-uczniowska-w-ramach-akredytacji-erasmus-w-roku-szkolnym-2024-2025-rozpoczeta","status":"publish","type":"post","link":"https:\/\/spboguchwala.pl\/?p=35736","title":{"rendered":"Pierwsza mobilno\u015b\u0107 uczniowska w ramach akredytacji Erasmus+ w roku szkolnym 2024\/2025 rozpocz\u0119ta"},"content":{"rendered":"\n<p>W dniu 10.11.2024 grupa 14 uczni\u00f3w z 3 nauczycielkami &#8211; p. Agat\u0105 R\u0105pa\u0142\u0105, p. Ann\u0105 Chru\u015bciel i p. Monik\u0105 Mla\u015b-Bieniasz, wyjecha\u0142a do Esparreguery w Hiszpanii, gdzie mie\u015bci si\u0119 partnerska szko\u0142a Institut El Castell.<\/p>\n\n\n\n<p>Pierwszy dzie\u0144 w szkole (11.11) rozpocz\u0105\u0142 si\u0119 od integracji grupy. Chc\u0105c uczci\u0107 Narodowe \u015awi\u0119to Niepodleg\u0142o\u015bci, nasi uczniowie podarowali kotyliony hiszpa\u0144skim kolegom i nauczycielom oraz zaprezentowali symbolik\u0119 <a><\/a>narodow\u0105 i znaczenie tego dnia dla Polak\u00f3w.<\/p>\n\n\n\n<p>Nast\u0119pnie grupa uda\u0142a si\u0119 na zwiedzanie miasta, kt\u00f3re zako\u0144czy\u0142o si\u0119 wizyt\u0105 w lokalnej manufakturze ceramiki &#8211; Cer\u00e0miques Sed\u00f3.<\/p>\n\n\n\n<p>12.11 uczestnicy mobilno\u015bci wraz z opiekunami udali si\u0119 na wycieczk\u0119 do dumy Katalonii &#8211; Montserrat, gdzie podziwiali\u015bmy walory przyrodnicze, turystyczne i kulturowe tego miejsca.<\/p>\n\n\n\nngg_shortcode_0_placeholder\n","protected":false},"excerpt":{"rendered":"<p>W dniu 10.11.2024 grupa 14 uczni\u00f3w z 3 nauczycielkami &#8211; p. Agat\u0105 R\u0105pa\u0142\u0105, p. Ann\u0105 Chru\u015bciel i p. Monik\u0105 Mla\u015b-Bieniasz, wyjecha\u0142a do Esparreguery w Hiszpanii, gdzie mie\u015bci si\u0119 partnerska szko\u0142a Institut El Castell. Pierwszy dzie\u0144 w szkole (11.11) rozpocz\u0105\u0142 si\u0119 od integracji grupy. Chc\u0105c uczci\u0107 Narodowe \u015awi\u0119to Niepodleg\u0142o\u015bci, nasi uczniowie podarowali kotyliony hiszpa\u0144skim kolegom i&#8230;<\/p>\n","protected":false},"author":2,"featured_media":35737,"comment_status":"open","ping_status":"closed","sticky":false,"template":"","format":"standard","meta":{"ngg_post_thumbnail":0,"footnotes":""},"categories":[142],"tags":[],"class_list":["post-35736","post","type-post","status-publish","format-standard","has-post-thumbnail","hentry","category-z-zycia-szkoly"],"_links":{"self":[{"href":"https:\/\/spboguchwala.pl\/index.php?rest_route=\/wp\/v2\/posts\/35736","targetHints":{"allow":["GET"]}}],"collection":[{"href":"https:\/\/spboguchwala.pl\/index.php?rest_route=\/wp\/v2\/posts"}],"about":[{"href":"https:\/\/spboguchwala.pl\/index.php?rest_route=\/wp\/v2\/types\/post"}],"author":[{"embeddable":true,"href":"https:\/\/spboguchwala.pl\/index.php?rest_route=\/wp\/v2\/users\/2"}],"replies":[{"embeddable":true,"href":"https:\/\/spboguchwala.pl\/index.php?rest_route=%2Fwp%2Fv2%2Fcomments&post=35736"}],"version-history":[{"count":2,"href":"https:\/\/spboguchwala.pl\/index.php?rest_route=\/wp\/v2\/posts\/35736\/revisions"}],"predecessor-version":[{"id":35793,"href":"https:\/\/spboguchwala.pl\/index.php?rest_route=\/wp\/v2\/posts\/35736\/revisions\/35793"}],"wp:featuredmedia":[{"embeddable":true,"href":"https:\/\/spboguchwala.pl\/index.php?rest_route=\/wp\/v2\/media\/35737"}],"wp:attachment":[{"href":"https:\/\/spboguchwala.pl\/index.php?rest_route=%2Fwp%2Fv2%2Fmedia&parent=35736"}],"wp:term":[{"taxonomy":"category","embeddable":true,"href":"https:\/\/spboguchwala.pl\/index.php?rest_route=%2Fwp%2Fv2%2Fcategories&post=35736"},{"taxonomy":"post_tag","embeddable":true,"href":"https:\/\/spboguchwala.pl\/index.php?rest_route=%2Fwp%2Fv2%2Ftags&post=35736"}],"curies":[{"name":"wp","href":"https:\/\/api.w.org\/{rel}","templated":true}]}}