{"id":35923,"date":"2024-11-19T21:06:55","date_gmt":"2024-11-19T21:06:55","guid":{"rendered":"https:\/\/spboguchwala.pl\/?p=35923"},"modified":"2024-11-19T22:13:59","modified_gmt":"2024-11-19T22:13:59","slug":"zakonczenie-pierwszej-mobilnosci-uczniowskiej-hiszpania-2024","status":"publish","type":"post","link":"https:\/\/spboguchwala.pl\/?p=35923","title":{"rendered":"Zako\u0144czenie pierwszej mobilno\u015bci uczniowskiej, Hiszpania 2024"},"content":{"rendered":"\n<p>Ostatnie dwa dni pobytu w Hiszpanii to zwiedzanie Barcelony, czyli dawka historii i kultury katalo\u0144skiej. W sobot\u0119 (16.11) uda\u0142o si\u0119 nam zwiedzi\u0107 Casa Batll\u00f3, wybra\u0107 si\u0119 kolejk\u0105 na Wzg\u00f3rze Montju\u00efc oraz przejecha\u0107 metrem, by o zmroku dotrze\u0107 pod przepi\u0119kn\u0105 Sagrad\u0119 Famili\u0119. Niedzielne przedpo\u0142udnie (17.11) sp\u0119dzili\u015bmy na spacerze i odpoczynku na pla\u017cy. W godzinach popo\u0142udniowych udali\u015bmy si\u0119 na lotnisko, aby wr\u00f3ci\u0107 <a><\/a>do naszych dom\u00f3w.<\/p>\n\n\n\n<p>By\u0142 to niesamowicie aktywny i ciekawy tydzie\u0144. Czas sp\u0119dzony w Katalonii na zawsze pozostanie w naszej pami\u0119ci.<\/p>\n\n\n\nngg_shortcode_0_placeholder\n","protected":false},"excerpt":{"rendered":"<p>Ostatnie dwa dni pobytu w Hiszpanii to zwiedzanie Barcelony, czyli dawka historii i kultury katalo\u0144skiej. W sobot\u0119 (16.11) uda\u0142o si\u0119 nam zwiedzi\u0107 Casa Batll\u00f3, wybra\u0107 si\u0119 kolejk\u0105 na Wzg\u00f3rze Montju\u00efc oraz przejecha\u0107 metrem, by o zmroku dotrze\u0107 pod przepi\u0119kn\u0105 Sagrad\u0119 Famili\u0119. Niedzielne przedpo\u0142udnie (17.11) sp\u0119dzili\u015bmy na spacerze i odpoczynku na pla\u017cy. W godzinach popo\u0142udniowych udali\u015bmy&#8230;<\/p>\n","protected":false},"author":2,"featured_media":35877,"comment_status":"open","ping_status":"closed","sticky":false,"template":"","format":"standard","meta":{"ngg_post_thumbnail":0,"footnotes":""},"categories":[142],"tags":[],"class_list":["post-35923","post","type-post","status-publish","format-standard","has-post-thumbnail","hentry","category-z-zycia-szkoly"],"_links":{"self":[{"href":"https:\/\/spboguchwala.pl\/index.php?rest_route=\/wp\/v2\/posts\/35923","targetHints":{"allow":["GET"]}}],"collection":[{"href":"https:\/\/spboguchwala.pl\/index.php?rest_route=\/wp\/v2\/posts"}],"about":[{"href":"https:\/\/spboguchwala.pl\/index.php?rest_route=\/wp\/v2\/types\/post"}],"author":[{"embeddable":true,"href":"https:\/\/spboguchwala.pl\/index.php?rest_route=\/wp\/v2\/users\/2"}],"replies":[{"embeddable":true,"href":"https:\/\/spboguchwala.pl\/index.php?rest_route=%2Fwp%2Fv2%2Fcomments&post=35923"}],"version-history":[{"count":3,"href":"https:\/\/spboguchwala.pl\/index.php?rest_route=\/wp\/v2\/posts\/35923\/revisions"}],"predecessor-version":[{"id":35934,"href":"https:\/\/spboguchwala.pl\/index.php?rest_route=\/wp\/v2\/posts\/35923\/revisions\/35934"}],"wp:featuredmedia":[{"embeddable":true,"href":"https:\/\/spboguchwala.pl\/index.php?rest_route=\/wp\/v2\/media\/35877"}],"wp:attachment":[{"href":"https:\/\/spboguchwala.pl\/index.php?rest_route=%2Fwp%2Fv2%2Fmedia&parent=35923"}],"wp:term":[{"taxonomy":"category","embeddable":true,"href":"https:\/\/spboguchwala.pl\/index.php?rest_route=%2Fwp%2Fv2%2Fcategories&post=35923"},{"taxonomy":"post_tag","embeddable":true,"href":"https:\/\/spboguchwala.pl\/index.php?rest_route=%2Fwp%2Fv2%2Ftags&post=35923"}],"curies":[{"name":"wp","href":"https:\/\/api.w.org\/{rel}","templated":true}]}}